{"id":32708,"date":"2022-09-08T10:35:35","date_gmt":"2022-09-08T08:35:35","guid":{"rendered":"https:\/\/www.blackpig.ch\/le-programme-de-notre-cuves-ouvertes-inauguration-2ans\/"},"modified":"2022-09-08T10:35:35","modified_gmt":"2022-09-08T08:35:35","slug":"le-programme-de-notre-cuves-ouvertes-inauguration-2ans","status":"publish","type":"post","link":"https:\/\/www.blackpig.ch\/en\/le-programme-de-notre-cuves-ouvertes-inauguration-2ans\/","title":{"rendered":"The programme of our OPEN DAYS &amp; INAUGURATION (+2ANS)\n..."},"content":{"rendered":"<p><a href=\"http:\/\/instagram.com\/p\/CiPTslyIrRY\"><img decoding=\"async\" style=\"display:none\"  src=\"http:\/\/www.blackpig.ch\/wp-content\/uploads\/2022\/12\/Le-programme-de-notre-CUVES-OUVERTES-INAUGURATION-2ANS.jpg\" \/><\/a><\/p>\n<blockquote class=\"instagram-media\" data-instgrm-permalink=\"http:\/\/instagram.com\/p\/CiPTslyIrRY\" data-instgrm-version=\"8\" style=\" background:#FFF; border:0; border-radius:3px; box-shadow:0 0 1px 0 rgba(0,0,0,0.5),0 1px 10px 0 rgba(0,0,0,0.15); margin: 1px; max-width:658px; padding:0; width:99.375%; width:-webkit-calc(100% - 2px); width:calc(100% - 2px);\"><p>&nbsp;<\/p><\/blockquote>\n<p> <script async defer src=\"\/\/www.instagram.com\/embed.js\"><\/script> The programme for our CUVES OUVERTES &amp; INAUGURATION (+2ANS)<\/p>\n<p>After these two years of COVID, we finally have the opportunity to welcome you and show you our work tool installed since January 2020 \ud83d\ude05. We look forward to seeing many of you with your best smile \ud83d\ude01.<\/p>\n<p>On the programme:<br \/>\n\ud83c\udf7b Beer flow straight down the middle of the tanks \ud83e\udd29<br \/>\n\ud83d\ude34 Presentation by the BlackPig Brewery team \u00a0<br \/>\n\ud83e\udd73 Happy Hour<br \/>\n\ud83c\udfb8 Coal Black Horses concert\u00a0<br \/>\n\ud83c\udfb6 MusicDj Phil<br \/>\n\ud83c\udf54 Menu M&amp;S FOOD TRUCK<br \/>\n\u00a0<br \/>\n\u23f0 Timetable: 11am - 1am\u00a0<\/p>\n<p>Bonus :\u00a0<br \/>\n\ud83d\udcb8 Discounts on takeaway beers<br \/>\n\ud83d\udca3 Play area for tots 50m away (unsupervised)\u00a0\u00a0<\/p>\n<p>#BlackPig #suisse #bieres #bieresartisanales #bierejura #barjura #barcourroux #courroux #beer #craftbeer #ipa #JuraCraft #juracraftbeer<\/p>","protected":false},"excerpt":{"rendered":"<p>&nbsp; Le programme de notre CUVES OUVERTES &#038; INAUGURATION (+2ANS) Apr\u00e8s ces deux ann\u00e9es de COVID, nous avons enfin la possibilit\u00e9 de vous accueillir et vous pr\u00e9senter notre outil de&#8230;<\/p>","protected":false},"author":4,"featured_media":32709,"comment_status":"","ping_status":"","sticky":false,"template":"","format":"standard","meta":{"footnotes":""},"categories":[132],"tags":[],"class_list":{"0":"post-32708","1":"post","2":"type-post","3":"status-publish","4":"format-standard","5":"has-post-thumbnail","7":"category-instagram"},"yoast_head":"<!-- This site is optimized with the Yoast SEO plugin v27.5 - https:\/\/yoast.com\/product\/yoast-seo-wordpress\/ -->\n<title>Le programme de notre CUVES OUVERTES &amp; INAUGURATION (+2ANS) ... - Brasserie BlackPig<\/title>\n<meta name=\"robots\" content=\"index, follow, max-snippet:-1, max-image-preview:large, max-video-preview:-1\" \/>\n<link rel=\"canonical\" href=\"https:\/\/www.blackpig.ch\/en\/le-programme-de-notre-cuves-ouvertes-inauguration-2ans\/\" \/>\n<meta property=\"og:locale\" content=\"en_GB\" \/>\n<meta property=\"og:type\" content=\"article\" \/>\n<meta property=\"og:title\" content=\"Le programme de notre CUVES OUVERTES &amp; INAUGURATION (+2ANS) ... - Brasserie BlackPig\" \/>\n<meta property=\"og:description\" content=\"&nbsp; Le programme de notre CUVES OUVERTES &#038; INAUGURATION (+2ANS) Apr\u00e8s ces deux ann\u00e9es de COVID, nous avons enfin la possibilit\u00e9 de vous accueillir et vous pr\u00e9senter notre outil de...\" \/>\n<meta property=\"og:url\" content=\"https:\/\/www.blackpig.ch\/en\/le-programme-de-notre-cuves-ouvertes-inauguration-2ans\/\" \/>\n<meta property=\"og:site_name\" content=\"Brasserie BlackPig\" \/>\n<meta property=\"article:publisher\" content=\"https:\/\/www.facebook.com\/BlackPig.Brew.Co\/\" \/>\n<meta property=\"article:published_time\" content=\"2022-09-08T08:35:35+00:00\" \/>\n<meta property=\"og:image\" content=\"https:\/\/www.blackpig.ch\/wp-content\/uploads\/2022\/12\/Le-programme-de-notre-CUVES-OUVERTES-INAUGURATION-2ANS.jpg\" \/>\n\t<meta property=\"og:image:width\" content=\"720\" \/>\n\t<meta property=\"og:image:height\" content=\"1014\" \/>\n\t<meta property=\"og:image:type\" content=\"image\/jpeg\" \/>\n<meta name=\"author\" content=\"Ben Bost\" \/>\n<meta name=\"twitter:card\" content=\"summary_large_image\" \/>\n<meta name=\"twitter:label1\" content=\"Written by\" \/>\n\t<meta name=\"twitter:data1\" content=\"Ben Bost\" \/>\n\t<meta name=\"twitter:label2\" content=\"Estimated reading time\" \/>\n\t<meta name=\"twitter:data2\" content=\"1 minute\" \/>\n<script type=\"application\/ld+json\" class=\"yoast-schema-graph\">{\"@context\":\"https:\\\/\\\/schema.org\",\"@graph\":[{\"@type\":\"Article\",\"@id\":\"https:\\\/\\\/www.blackpig.ch\\\/le-programme-de-notre-cuves-ouvertes-inauguration-2ans\\\/#article\",\"isPartOf\":{\"@id\":\"https:\\\/\\\/www.blackpig.ch\\\/le-programme-de-notre-cuves-ouvertes-inauguration-2ans\\\/\"},\"author\":{\"name\":\"Ben Bost\",\"@id\":\"http:\\\/\\\/www.blackpig.ch\\\/it\\\/#\\\/schema\\\/person\\\/f27d0ab3901f8890d19f065f0bc45b3e\"},\"headline\":\"Le programme de notre CUVES OUVERTES &#038; INAUGURATION (+2ANS) &#8230;\",\"datePublished\":\"2022-09-08T08:35:35+00:00\",\"mainEntityOfPage\":{\"@id\":\"https:\\\/\\\/www.blackpig.ch\\\/le-programme-de-notre-cuves-ouvertes-inauguration-2ans\\\/\"},\"wordCount\":122,\"publisher\":{\"@id\":\"http:\\\/\\\/www.blackpig.ch\\\/it\\\/#organization\"},\"image\":{\"@id\":\"https:\\\/\\\/www.blackpig.ch\\\/le-programme-de-notre-cuves-ouvertes-inauguration-2ans\\\/#primaryimage\"},\"thumbnailUrl\":\"https:\\\/\\\/www.blackpig.ch\\\/wp-content\\\/uploads\\\/2022\\\/12\\\/Le-programme-de-notre-CUVES-OUVERTES-INAUGURATION-2ANS.jpg\",\"articleSection\":[\"instagram\"],\"inLanguage\":\"en-GB\"},{\"@type\":\"WebPage\",\"@id\":\"https:\\\/\\\/www.blackpig.ch\\\/le-programme-de-notre-cuves-ouvertes-inauguration-2ans\\\/\",\"url\":\"https:\\\/\\\/www.blackpig.ch\\\/le-programme-de-notre-cuves-ouvertes-inauguration-2ans\\\/\",\"name\":\"Le programme de notre CUVES OUVERTES & INAUGURATION (+2ANS) ... - Brasserie BlackPig\",\"isPartOf\":{\"@id\":\"http:\\\/\\\/www.blackpig.ch\\\/it\\\/#website\"},\"primaryImageOfPage\":{\"@id\":\"https:\\\/\\\/www.blackpig.ch\\\/le-programme-de-notre-cuves-ouvertes-inauguration-2ans\\\/#primaryimage\"},\"image\":{\"@id\":\"https:\\\/\\\/www.blackpig.ch\\\/le-programme-de-notre-cuves-ouvertes-inauguration-2ans\\\/#primaryimage\"},\"thumbnailUrl\":\"https:\\\/\\\/www.blackpig.ch\\\/wp-content\\\/uploads\\\/2022\\\/12\\\/Le-programme-de-notre-CUVES-OUVERTES-INAUGURATION-2ANS.jpg\",\"datePublished\":\"2022-09-08T08:35:35+00:00\",\"breadcrumb\":{\"@id\":\"https:\\\/\\\/www.blackpig.ch\\\/le-programme-de-notre-cuves-ouvertes-inauguration-2ans\\\/#breadcrumb\"},\"inLanguage\":\"en-GB\",\"potentialAction\":[{\"@type\":\"ReadAction\",\"target\":[\"https:\\\/\\\/www.blackpig.ch\\\/le-programme-de-notre-cuves-ouvertes-inauguration-2ans\\\/\"]}]},{\"@type\":\"ImageObject\",\"inLanguage\":\"en-GB\",\"@id\":\"https:\\\/\\\/www.blackpig.ch\\\/le-programme-de-notre-cuves-ouvertes-inauguration-2ans\\\/#primaryimage\",\"url\":\"https:\\\/\\\/www.blackpig.ch\\\/wp-content\\\/uploads\\\/2022\\\/12\\\/Le-programme-de-notre-CUVES-OUVERTES-INAUGURATION-2ANS.jpg\",\"contentUrl\":\"https:\\\/\\\/www.blackpig.ch\\\/wp-content\\\/uploads\\\/2022\\\/12\\\/Le-programme-de-notre-CUVES-OUVERTES-INAUGURATION-2ANS.jpg\",\"width\":720,\"height\":1014},{\"@type\":\"BreadcrumbList\",\"@id\":\"https:\\\/\\\/www.blackpig.ch\\\/le-programme-de-notre-cuves-ouvertes-inauguration-2ans\\\/#breadcrumb\",\"itemListElement\":[{\"@type\":\"ListItem\",\"position\":1,\"name\":\"Accueil\",\"item\":\"https:\\\/\\\/www.blackpig.ch\\\/\"},{\"@type\":\"ListItem\",\"position\":2,\"name\":\"Le programme de notre CUVES OUVERTES &#038; INAUGURATION (+2ANS) &#8230;\"}]},{\"@type\":\"WebSite\",\"@id\":\"http:\\\/\\\/www.blackpig.ch\\\/it\\\/#website\",\"url\":\"http:\\\/\\\/www.blackpig.ch\\\/it\\\/\",\"name\":\"Brasserie BlackPig\",\"description\":\"Jura Craft Beers\",\"publisher\":{\"@id\":\"http:\\\/\\\/www.blackpig.ch\\\/it\\\/#organization\"},\"alternateName\":\"BlackPig - Brasserie artisanale\",\"potentialAction\":[{\"@type\":\"SearchAction\",\"target\":{\"@type\":\"EntryPoint\",\"urlTemplate\":\"http:\\\/\\\/www.blackpig.ch\\\/it\\\/?s={search_term_string}\"},\"query-input\":{\"@type\":\"PropertyValueSpecification\",\"valueRequired\":true,\"valueName\":\"search_term_string\"}}],\"inLanguage\":\"en-GB\"},{\"@type\":\"Organization\",\"@id\":\"http:\\\/\\\/www.blackpig.ch\\\/it\\\/#organization\",\"name\":\"Brasserie BlackPig\",\"alternateName\":\"BlackPig - Brasserie artisanale\",\"url\":\"http:\\\/\\\/www.blackpig.ch\\\/it\\\/\",\"logo\":{\"@type\":\"ImageObject\",\"inLanguage\":\"en-GB\",\"@id\":\"http:\\\/\\\/www.blackpig.ch\\\/it\\\/#\\\/schema\\\/logo\\\/image\\\/\",\"url\":\"https:\\\/\\\/i0.wp.com\\\/www.blackpig.ch\\\/wp-content\\\/uploads\\\/2021\\\/06\\\/logo_blackpig.png?fit=300%2C200&ssl=1\",\"contentUrl\":\"https:\\\/\\\/i0.wp.com\\\/www.blackpig.ch\\\/wp-content\\\/uploads\\\/2021\\\/06\\\/logo_blackpig.png?fit=300%2C200&ssl=1\",\"width\":300,\"height\":200,\"caption\":\"Brasserie BlackPig\"},\"image\":{\"@id\":\"http:\\\/\\\/www.blackpig.ch\\\/it\\\/#\\\/schema\\\/logo\\\/image\\\/\"},\"sameAs\":[\"https:\\\/\\\/www.facebook.com\\\/BlackPig.Brew.Co\\\/\",\"https:\\\/\\\/www.instagram.com\\\/blackpig.brew.co\\\/\"]},{\"@type\":\"Person\",\"@id\":\"http:\\\/\\\/www.blackpig.ch\\\/it\\\/#\\\/schema\\\/person\\\/f27d0ab3901f8890d19f065f0bc45b3e\",\"name\":\"Ben Bost\",\"url\":\"https:\\\/\\\/www.blackpig.ch\\\/en\\\/author\\\/ben\\\/\"}]}<\/script>\n<!-- \/ Yoast SEO plugin. -->","yoast_head_json":{"title":"Le programme de notre CUVES OUVERTES & INAUGURATION (+2ANS) ... - Brasserie BlackPig","robots":{"index":"index","follow":"follow","max-snippet":"max-snippet:-1","max-image-preview":"max-image-preview:large","max-video-preview":"max-video-preview:-1"},"canonical":"https:\/\/www.blackpig.ch\/en\/le-programme-de-notre-cuves-ouvertes-inauguration-2ans\/","og_locale":"en_GB","og_type":"article","og_title":"Le programme de notre CUVES OUVERTES & INAUGURATION (+2ANS) ... - Brasserie BlackPig","og_description":"&nbsp; Le programme de notre CUVES OUVERTES &#038; INAUGURATION (+2ANS) Apr\u00e8s ces deux ann\u00e9es de COVID, nous avons enfin la possibilit\u00e9 de vous accueillir et vous pr\u00e9senter notre outil de...","og_url":"https:\/\/www.blackpig.ch\/en\/le-programme-de-notre-cuves-ouvertes-inauguration-2ans\/","og_site_name":"Brasserie BlackPig","article_publisher":"https:\/\/www.facebook.com\/BlackPig.Brew.Co\/","article_published_time":"2022-09-08T08:35:35+00:00","og_image":[{"width":720,"height":1014,"url":"https:\/\/www.blackpig.ch\/wp-content\/uploads\/2022\/12\/Le-programme-de-notre-CUVES-OUVERTES-INAUGURATION-2ANS.jpg","type":"image\/jpeg"}],"author":"Ben Bost","twitter_card":"summary_large_image","twitter_misc":{"Written by":"Ben Bost","Estimated reading time":"1 minute"},"schema":{"@context":"https:\/\/schema.org","@graph":[{"@type":"Article","@id":"https:\/\/www.blackpig.ch\/le-programme-de-notre-cuves-ouvertes-inauguration-2ans\/#article","isPartOf":{"@id":"https:\/\/www.blackpig.ch\/le-programme-de-notre-cuves-ouvertes-inauguration-2ans\/"},"author":{"name":"Ben Bost","@id":"http:\/\/www.blackpig.ch\/it\/#\/schema\/person\/f27d0ab3901f8890d19f065f0bc45b3e"},"headline":"Le programme de notre CUVES OUVERTES &#038; INAUGURATION (+2ANS) &#8230;","datePublished":"2022-09-08T08:35:35+00:00","mainEntityOfPage":{"@id":"https:\/\/www.blackpig.ch\/le-programme-de-notre-cuves-ouvertes-inauguration-2ans\/"},"wordCount":122,"publisher":{"@id":"http:\/\/www.blackpig.ch\/it\/#organization"},"image":{"@id":"https:\/\/www.blackpig.ch\/le-programme-de-notre-cuves-ouvertes-inauguration-2ans\/#primaryimage"},"thumbnailUrl":"https:\/\/www.blackpig.ch\/wp-content\/uploads\/2022\/12\/Le-programme-de-notre-CUVES-OUVERTES-INAUGURATION-2ANS.jpg","articleSection":["instagram"],"inLanguage":"en-GB"},{"@type":"WebPage","@id":"https:\/\/www.blackpig.ch\/le-programme-de-notre-cuves-ouvertes-inauguration-2ans\/","url":"https:\/\/www.blackpig.ch\/le-programme-de-notre-cuves-ouvertes-inauguration-2ans\/","name":"Le programme de notre CUVES OUVERTES & INAUGURATION (+2ANS) ... - Brasserie BlackPig","isPartOf":{"@id":"http:\/\/www.blackpig.ch\/it\/#website"},"primaryImageOfPage":{"@id":"https:\/\/www.blackpig.ch\/le-programme-de-notre-cuves-ouvertes-inauguration-2ans\/#primaryimage"},"image":{"@id":"https:\/\/www.blackpig.ch\/le-programme-de-notre-cuves-ouvertes-inauguration-2ans\/#primaryimage"},"thumbnailUrl":"https:\/\/www.blackpig.ch\/wp-content\/uploads\/2022\/12\/Le-programme-de-notre-CUVES-OUVERTES-INAUGURATION-2ANS.jpg","datePublished":"2022-09-08T08:35:35+00:00","breadcrumb":{"@id":"https:\/\/www.blackpig.ch\/le-programme-de-notre-cuves-ouvertes-inauguration-2ans\/#breadcrumb"},"inLanguage":"en-GB","potentialAction":[{"@type":"ReadAction","target":["https:\/\/www.blackpig.ch\/le-programme-de-notre-cuves-ouvertes-inauguration-2ans\/"]}]},{"@type":"ImageObject","inLanguage":"en-GB","@id":"https:\/\/www.blackpig.ch\/le-programme-de-notre-cuves-ouvertes-inauguration-2ans\/#primaryimage","url":"https:\/\/www.blackpig.ch\/wp-content\/uploads\/2022\/12\/Le-programme-de-notre-CUVES-OUVERTES-INAUGURATION-2ANS.jpg","contentUrl":"https:\/\/www.blackpig.ch\/wp-content\/uploads\/2022\/12\/Le-programme-de-notre-CUVES-OUVERTES-INAUGURATION-2ANS.jpg","width":720,"height":1014},{"@type":"BreadcrumbList","@id":"https:\/\/www.blackpig.ch\/le-programme-de-notre-cuves-ouvertes-inauguration-2ans\/#breadcrumb","itemListElement":[{"@type":"ListItem","position":1,"name":"Accueil","item":"https:\/\/www.blackpig.ch\/"},{"@type":"ListItem","position":2,"name":"Le programme de notre CUVES OUVERTES &#038; INAUGURATION (+2ANS) &#8230;"}]},{"@type":"WebSite","@id":"http:\/\/www.blackpig.ch\/it\/#website","url":"http:\/\/www.blackpig.ch\/it\/","name":"BlackPig Brewery","description":"Jura Craft Beers","publisher":{"@id":"http:\/\/www.blackpig.ch\/it\/#organization"},"alternateName":"BlackPig - Brasserie artisanale","potentialAction":[{"@type":"SearchAction","target":{"@type":"EntryPoint","urlTemplate":"http:\/\/www.blackpig.ch\/it\/?s={search_term_string}"},"query-input":{"@type":"PropertyValueSpecification","valueRequired":true,"valueName":"search_term_string"}}],"inLanguage":"en-GB"},{"@type":"Organization","@id":"http:\/\/www.blackpig.ch\/it\/#organization","name":"BlackPig Brewery","alternateName":"BlackPig - Brasserie artisanale","url":"http:\/\/www.blackpig.ch\/it\/","logo":{"@type":"ImageObject","inLanguage":"en-GB","@id":"http:\/\/www.blackpig.ch\/it\/#\/schema\/logo\/image\/","url":"https:\/\/i0.wp.com\/www.blackpig.ch\/wp-content\/uploads\/2021\/06\/logo_blackpig.png?fit=300%2C200&ssl=1","contentUrl":"https:\/\/i0.wp.com\/www.blackpig.ch\/wp-content\/uploads\/2021\/06\/logo_blackpig.png?fit=300%2C200&ssl=1","width":300,"height":200,"caption":"Brasserie BlackPig"},"image":{"@id":"http:\/\/www.blackpig.ch\/it\/#\/schema\/logo\/image\/"},"sameAs":["https:\/\/www.facebook.com\/BlackPig.Brew.Co\/","https:\/\/www.instagram.com\/blackpig.brew.co\/"]},{"@type":"Person","@id":"http:\/\/www.blackpig.ch\/it\/#\/schema\/person\/f27d0ab3901f8890d19f065f0bc45b3e","name":"Ben Bost","url":"https:\/\/www.blackpig.ch\/en\/author\/ben\/"}]}},"_links":{"self":[{"href":"https:\/\/www.blackpig.ch\/en\/wp-json\/wp\/v2\/posts\/32708","targetHints":{"allow":["GET"]}}],"collection":[{"href":"https:\/\/www.blackpig.ch\/en\/wp-json\/wp\/v2\/posts"}],"about":[{"href":"https:\/\/www.blackpig.ch\/en\/wp-json\/wp\/v2\/types\/post"}],"author":[{"embeddable":true,"href":"https:\/\/www.blackpig.ch\/en\/wp-json\/wp\/v2\/users\/4"}],"replies":[{"embeddable":true,"href":"https:\/\/www.blackpig.ch\/en\/wp-json\/wp\/v2\/comments?post=32708"}],"version-history":[{"count":0,"href":"https:\/\/www.blackpig.ch\/en\/wp-json\/wp\/v2\/posts\/32708\/revisions"}],"wp:featuredmedia":[{"embeddable":true,"href":"https:\/\/www.blackpig.ch\/en\/wp-json\/wp\/v2\/media\/32709"}],"wp:attachment":[{"href":"https:\/\/www.blackpig.ch\/en\/wp-json\/wp\/v2\/media?parent=32708"}],"wp:term":[{"taxonomy":"category","embeddable":true,"href":"https:\/\/www.blackpig.ch\/en\/wp-json\/wp\/v2\/categories?post=32708"},{"taxonomy":"post_tag","embeddable":true,"href":"https:\/\/www.blackpig.ch\/en\/wp-json\/wp\/v2\/tags?post=32708"}],"curies":[{"name":"wp","href":"https:\/\/api.w.org\/{rel}","templated":true}]}}